{"id":847,"date":"2015-12-11T20:26:38","date_gmt":"2015-12-11T19:26:38","guid":{"rendered":"http:\/\/ff-buehl.de\/?p=847"},"modified":"2015-12-11T20:33:10","modified_gmt":"2015-12-11T19:33:10","slug":"11-einsatz-brandschutzwoche-in-etsdorf","status":"publish","type":"post","link":"https:\/\/ff-buehl.de\/?p=847","title":{"rendered":"11. Einsatz Brandschutzwoche in Etsdorf \u00dcbung"},"content":{"rendered":"<p>Einsatz\u00fcbung Dorfstra\u00dfe<br \/>\nBaugesch\u00e4ft Schlosser<br \/>\nEinsatzdatum:02.10.2015 Einsatzbeginn:17.00 Uhr Einsatzende: 21.00 Uhr<br \/>\nArbeit war eine Reserve Leitung Aufbau zur unterst\u00fctzung f\u00fcr FF Pursruck.<br \/>\nFeuerwehrdienstleistende waren wir zu f\u00fcnft<\/p>\n","protected":false},"excerpt":{"rendered":"<p>Einsatz\u00fcbung Dorfstra\u00dfe Baugesch\u00e4ft Schlosser Einsatzdatum:02.10.2015 Einsatzbeginn:17.00 Uhr Einsatzende: 21.00 Uhr Arbeit war eine Reserve Leitung Aufbau zur unterst\u00fctzung f\u00fcr FF Pursruck. Feuerwehrdienstleistende waren wir zu f\u00fcnft<\/p>\n","protected":false},"author":3,"featured_media":0,"comment_status":"closed","ping_status":"closed","sticky":false,"template":"","format":"standard","meta":{"footnotes":""},"categories":[8],"tags":[],"class_list":["post-847","post","type-post","status-publish","format-standard","hentry","category-einsaetze"],"_links":{"self":[{"href":"https:\/\/ff-buehl.de\/index.php?rest_route=\/wp\/v2\/posts\/847","targetHints":{"allow":["GET"]}}],"collection":[{"href":"https:\/\/ff-buehl.de\/index.php?rest_route=\/wp\/v2\/posts"}],"about":[{"href":"https:\/\/ff-buehl.de\/index.php?rest_route=\/wp\/v2\/types\/post"}],"author":[{"embeddable":true,"href":"https:\/\/ff-buehl.de\/index.php?rest_route=\/wp\/v2\/users\/3"}],"replies":[{"embeddable":true,"href":"https:\/\/ff-buehl.de\/index.php?rest_route=%2Fwp%2Fv2%2Fcomments&post=847"}],"version-history":[{"count":6,"href":"https:\/\/ff-buehl.de\/index.php?rest_route=\/wp\/v2\/posts\/847\/revisions"}],"predecessor-version":[{"id":853,"href":"https:\/\/ff-buehl.de\/index.php?rest_route=\/wp\/v2\/posts\/847\/revisions\/853"}],"wp:attachment":[{"href":"https:\/\/ff-buehl.de\/index.php?rest_route=%2Fwp%2Fv2%2Fmedia&parent=847"}],"wp:term":[{"taxonomy":"category","embeddable":true,"href":"https:\/\/ff-buehl.de\/index.php?rest_route=%2Fwp%2Fv2%2Fcategories&post=847"},{"taxonomy":"post_tag","embeddable":true,"href":"https:\/\/ff-buehl.de\/index.php?rest_route=%2Fwp%2Fv2%2Ftags&post=847"}],"curies":[{"name":"wp","href":"https:\/\/api.w.org\/{rel}","templated":true}]}}